{"id":1108,"date":"2015-11-10T20:53:50","date_gmt":"2015-11-10T20:53:50","guid":{"rendered":"http:\/\/www.neuhausm.ch\/?p=1108"},"modified":"2019-02-25T19:25:11","modified_gmt":"2019-02-25T19:25:11","slug":"cuno-amiet-kreuzigung-farbkreidezeichnung-um-1921","status":"publish","type":"post","link":"https:\/\/www.neuhausm.ch\/?p=1108","title":{"rendered":"Cuno Amiet &#8222;Kreuzigung&#8220; Farbkreidezeichnung (um 1921)"},"content":{"rendered":"<p>Sehr sch\u00f6ne Farbkreidezeichnung\u00a0&#8222;Kreuzigung&#8220;<\/p>\n<p>monogramiert, unten links,\u00a027&#215;22 cm, gerahmt<\/p>\n<p>Das Thema der Kreuzigung besch\u00e4ftigte Cuno Amiet bereits 1907 und begleitete ihn bis in die 1930er Jahre. Franz M\u00fcller, SIK-ISEA, Z\u00fcrich, erw\u00e4gt eine Datierung in die Jahre um 1921.<\/p>\n<p>Herkunft: Auktionshaus<\/p>\n<p><strong>verkauft<\/strong><\/p>\n<p><a href=\"http:\/\/www.neuhausm.ch\/wp-content\/uploads\/2015\/11\/Amiet_Kreuzigung_1921.jpg\"><img loading=\"lazy\" decoding=\"async\" class=\"alignnone size-large wp-image-1109\" src=\"http:\/\/www.neuhausm.ch\/wp-content\/uploads\/2015\/11\/Amiet_Kreuzigung_1921-804x1024.jpg\" alt=\"Amiet_Kreuzigung_1921\" width=\"640\" height=\"815\" srcset=\"https:\/\/www.neuhausm.ch\/wp-content\/uploads\/2015\/11\/Amiet_Kreuzigung_1921-804x1024.jpg 804w, https:\/\/www.neuhausm.ch\/wp-content\/uploads\/2015\/11\/Amiet_Kreuzigung_1921-236x300.jpg 236w, https:\/\/www.neuhausm.ch\/wp-content\/uploads\/2015\/11\/Amiet_Kreuzigung_1921.jpg 1654w\" sizes=\"auto, (max-width: 640px) 100vw, 640px\" \/><\/a><\/p>\n","protected":false},"excerpt":{"rendered":"<a href=\"https:\/\/www.neuhausm.ch\/?p=1108\"><img loading=\"lazy\" decoding=\"async\" width=\"150\" height=\"150\" src=\"https:\/\/www.neuhausm.ch\/wp-content\/plugins\/thumbnail-for-excerpts\/tfe_no_thumb.png\" class=\"alignleft wp-post-image tfe\" alt=\"\" title=\"\" \/><\/a><p>Sehr sch\u00f6ne Farbkreidezeichnung\u00a0&#8222;Kreuzigung&#8220; monogramiert, unten links,\u00a027&#215;22 cm, gerahmt Das Thema der Kreuzigung besch\u00e4ftigte Cuno Amiet bereits 1907 und begleitete ihn bis in die 1930er Jahre. Franz M\u00fcller, SIK-ISEA, Z\u00fcrich, erw\u00e4gt eine Datierung in die Jahre um 1921. Herkunft: Auktionshaus verkauft<\/p>\n","protected":false},"author":2,"featured_media":0,"comment_status":"open","ping_status":"open","sticky":false,"template":"","format":"standard","meta":{"footnotes":""},"categories":[7],"tags":[],"class_list":["post-1108","post","type-post","status-publish","format-standard","hentry","category-verkauft"],"_links":{"self":[{"href":"https:\/\/www.neuhausm.ch\/index.php?rest_route=\/wp\/v2\/posts\/1108","targetHints":{"allow":["GET"]}}],"collection":[{"href":"https:\/\/www.neuhausm.ch\/index.php?rest_route=\/wp\/v2\/posts"}],"about":[{"href":"https:\/\/www.neuhausm.ch\/index.php?rest_route=\/wp\/v2\/types\/post"}],"author":[{"embeddable":true,"href":"https:\/\/www.neuhausm.ch\/index.php?rest_route=\/wp\/v2\/users\/2"}],"replies":[{"embeddable":true,"href":"https:\/\/www.neuhausm.ch\/index.php?rest_route=%2Fwp%2Fv2%2Fcomments&post=1108"}],"version-history":[{"count":2,"href":"https:\/\/www.neuhausm.ch\/index.php?rest_route=\/wp\/v2\/posts\/1108\/revisions"}],"predecessor-version":[{"id":1292,"href":"https:\/\/www.neuhausm.ch\/index.php?rest_route=\/wp\/v2\/posts\/1108\/revisions\/1292"}],"wp:attachment":[{"href":"https:\/\/www.neuhausm.ch\/index.php?rest_route=%2Fwp%2Fv2%2Fmedia&parent=1108"}],"wp:term":[{"taxonomy":"category","embeddable":true,"href":"https:\/\/www.neuhausm.ch\/index.php?rest_route=%2Fwp%2Fv2%2Fcategories&post=1108"},{"taxonomy":"post_tag","embeddable":true,"href":"https:\/\/www.neuhausm.ch\/index.php?rest_route=%2Fwp%2Fv2%2Ftags&post=1108"}],"curies":[{"name":"wp","href":"https:\/\/api.w.org\/{rel}","templated":true}]}}